{"id":423,"date":"2023-06-09T11:26:51","date_gmt":"2023-06-09T11:26:51","guid":{"rendered":"https:\/\/www.alwayseasyrental.com\/blog\/?p=423"},"modified":"2023-06-09T11:34:27","modified_gmt":"2023-06-09T11:34:27","slug":"que-ver-pais-vasco","status":"publish","type":"post","link":"https:\/\/www.alwayseasyrental.com\/blog\/que-ver-pais-vasco\/","title":{"rendered":"Qu\u00e9 ver en Pa\u00eds Vasco: lugares y experiencias"},"content":{"rendered":"\t\t<div data-elementor-type=\"wp-post\" data-elementor-id=\"423\" class=\"elementor elementor-423\">\n\t\t\t\t\t\t\t\t\t<section class=\"elementor-section elementor-top-section elementor-element elementor-element-1f13fbd0 elementor-section-boxed elementor-section-height-default elementor-section-height-default\" data-id=\"1f13fbd0\" data-element_type=\"section\">\n\t\t\t\t\t\t<div class=\"elementor-container elementor-column-gap-default\">\n\t\t\t\t\t<div class=\"elementor-column elementor-col-100 elementor-top-column elementor-element elementor-element-7112fbf3\" data-id=\"7112fbf3\" data-element_type=\"column\">\n\t\t\t<div class=\"elementor-widget-wrap elementor-element-populated\">\n\t\t\t\t\t\t\t\t<div class=\"elementor-element elementor-element-6e79161e elementor-widget elementor-widget-heading\" data-id=\"6e79161e\" data-element_type=\"widget\" data-widget_type=\"heading.default\">\n\t\t\t\t<div class=\"elementor-widget-container\">\n\t\t\t<style>\/*! elementor - v3.12.1 - 02-04-2023 *\/\n.elementor-heading-title{padding:0;margin:0;line-height:1}.elementor-widget-heading .elementor-heading-title[class*=elementor-size-]>a{color:inherit;font-size:inherit;line-height:inherit}.elementor-widget-heading .elementor-heading-title.elementor-size-small{font-size:15px}.elementor-widget-heading .elementor-heading-title.elementor-size-medium{font-size:19px}.elementor-widget-heading .elementor-heading-title.elementor-size-large{font-size:29px}.elementor-widget-heading .elementor-heading-title.elementor-size-xl{font-size:39px}.elementor-widget-heading .elementor-heading-title.elementor-size-xxl{font-size:59px}<\/style><h2 class=\"elementor-heading-title elementor-size-default\">\u00bfQuieres saber qu\u00e9 ver en el Pa\u00eds Vasco? \u00a1Te lo contamos!<\/h2>\t\t<\/div>\n\t\t\t\t<\/div>\n\t\t\t\t<div class=\"elementor-element elementor-element-2f5ea08 elementor-widget elementor-widget-text-editor\" data-id=\"2f5ea08\" data-element_type=\"widget\" data-widget_type=\"text-editor.default\">\n\t\t\t\t<div class=\"elementor-widget-container\">\n\t\t\t<style>\/*! elementor - v3.12.1 - 02-04-2023 *\/\n.elementor-widget-text-editor.elementor-drop-cap-view-stacked .elementor-drop-cap{background-color:#69727d;color:#fff}.elementor-widget-text-editor.elementor-drop-cap-view-framed .elementor-drop-cap{color:#69727d;border:3px solid;background-color:transparent}.elementor-widget-text-editor:not(.elementor-drop-cap-view-default) .elementor-drop-cap{margin-top:8px}.elementor-widget-text-editor:not(.elementor-drop-cap-view-default) .elementor-drop-cap-letter{width:1em;height:1em}.elementor-widget-text-editor .elementor-drop-cap{float:left;text-align:center;line-height:1;font-size:50px}.elementor-widget-text-editor .elementor-drop-cap-letter{display:inline-block}<\/style>\t\t\t\t<p><span style=\"font-weight: 400;\">Si planeas viajar en tus pr\u00f3ximas vacaciones a Euskadi, descubre antes <\/span><b>qu\u00e9 ver en el Pa\u00eds Vasco<\/b><span style=\"font-weight: 400;\">. Esta tierra, llena de contrastes, te regala un paisaje de postal que se pinta con el verde del monte y el azul del mar. A la belleza de sus pueblos y ciudades se suman otros atractivos, como la gastronom\u00eda y sus manifestaciones culturales. \u00a1Te encantar\u00e1!<\/span><\/p>\t\t\t\t\t\t<\/div>\n\t\t\t\t<\/div>\n\t\t\t\t<div class=\"elementor-element elementor-element-cb00f5e elementor-widget elementor-widget-heading\" data-id=\"cb00f5e\" data-element_type=\"widget\" data-widget_type=\"heading.default\">\n\t\t\t\t<div class=\"elementor-widget-container\">\n\t\t\t<h2 class=\"elementor-heading-title elementor-size-default\">\u00bfD\u00f3nde est\u00e1 el Pa\u00eds Vasco y por qu\u00e9 es conocido?\n<\/h2>\t\t<\/div>\n\t\t\t\t<\/div>\n\t\t\t\t<div class=\"elementor-element elementor-element-fa3342e elementor-widget elementor-widget-text-editor\" data-id=\"fa3342e\" data-element_type=\"widget\" data-widget_type=\"text-editor.default\">\n\t\t\t\t<div class=\"elementor-widget-container\">\n\t\t\t\t\t\t\t<p><span style=\"font-weight: 400;\">El Pa\u00eds Vasco es una comunidad aut\u00f3noma que se encuentra <\/span><b>en el norte de Espa\u00f1a<\/b><span style=\"font-weight: 400;\">, en la costa ba\u00f1ada por el mar Cant\u00e1brico. Compuesta por las provincias de <strong>Gipuzkoa, Bizkaia y \u00c1lava<\/strong>, hace frontera con Francia. Este territorio tiene su propia lengua, el euskera, oficial junto con el castellano.<\/span><\/p><p><span style=\"background-color: transparent;\">Debe su popularidad a sus <\/span><b style=\"background-color: transparent;\">ciudades cosmopolitas<\/b><span style=\"background-color: transparent;\"> que a\u00fanan tradici\u00f3n y modernidad. Tambi\u00e9n a la gastronom\u00eda internacionalmente conocida, gracias a las estrellas Michelin que atesoran muchos de sus restaurantes. Menci\u00f3n aparte merecen eventos culturales de gran proyecci\u00f3n, entre los que destaca el Festival Internacional de Cine de San Sebasti\u00e1n. La fama de equipamientos como el Museo Guggenheim de Bilbao traspasa, igualmente, fronteras.<\/span><\/p>\t\t\t\t\t\t<\/div>\n\t\t\t\t<\/div>\n\t\t\t\t<div class=\"elementor-element elementor-element-693d0b4 elementor-widget elementor-widget-heading\" data-id=\"693d0b4\" data-element_type=\"widget\" data-widget_type=\"heading.default\">\n\t\t\t\t<div class=\"elementor-widget-container\">\n\t\t\t<h2 class=\"elementor-heading-title elementor-size-default\">\u00bfQu\u00e9 ver en el Pa\u00eds Vasco? Son sus principales atracciones<\/h2>\t\t<\/div>\n\t\t\t\t<\/div>\n\t\t\t\t\t<\/div>\n\t\t<\/div>\n\t\t\t\t\t\t\t<\/div>\n\t\t<\/section>\n\t\t\t\t<section class=\"elementor-section elementor-top-section elementor-element elementor-element-1e55254b elementor-section-boxed elementor-section-height-default elementor-section-height-default\" data-id=\"1e55254b\" data-element_type=\"section\">\n\t\t\t\t\t\t<div class=\"elementor-container elementor-column-gap-default\">\n\t\t\t\t\t<div class=\"elementor-column elementor-col-100 elementor-top-column elementor-element elementor-element-145bc64b\" data-id=\"145bc64b\" data-element_type=\"column\">\n\t\t\t<div class=\"elementor-widget-wrap elementor-element-populated\">\n\t\t\t\t\t\t\t\t<div class=\"elementor-element elementor-element-1033cc8 elementor-widget elementor-widget-text-editor\" data-id=\"1033cc8\" data-element_type=\"widget\" data-widget_type=\"text-editor.default\">\n\t\t\t\t<div class=\"elementor-widget-container\">\n\t\t\t\t\t\t\t<p><span style=\"font-weight: 400;\">Cuando viajes a la comunidad aut\u00f3noma vasca, aprovecha para visitar algunas de sus principales atracciones. Tu estancia te permitir\u00e1, de este modo, disfrutar de diferentes experiencias. Solo tienes que saber <\/span><b>qu\u00e9 ver en el Pa\u00eds Vasco<\/b><span style=\"font-weight: 400;\"> para sacar el m\u00e1ximo partido a tu escapada<\/span><\/p>\t\t\t\t\t\t<\/div>\n\t\t\t\t<\/div>\n\t\t\t\t\t<\/div>\n\t\t<\/div>\n\t\t\t\t\t\t\t<\/div>\n\t\t<\/section>\n\t\t\t\t<section class=\"elementor-section elementor-top-section elementor-element elementor-element-378e64f elementor-section-boxed elementor-section-height-default elementor-section-height-default\" data-id=\"378e64f\" data-element_type=\"section\">\n\t\t\t\t\t\t<div class=\"elementor-container elementor-column-gap-default\">\n\t\t\t\t\t<div class=\"elementor-column elementor-col-100 elementor-top-column elementor-element elementor-element-6f1d56e7\" data-id=\"6f1d56e7\" data-element_type=\"column\">\n\t\t\t<div class=\"elementor-widget-wrap elementor-element-populated\">\n\t\t\t\t\t\t\t\t<div class=\"elementor-element elementor-element-202b4b2b elementor-widget elementor-widget-heading\" data-id=\"202b4b2b\" data-element_type=\"widget\" data-widget_type=\"heading.default\">\n\t\t\t\t<div class=\"elementor-widget-container\">\n\t\t\t<h3 class=\"elementor-heading-title elementor-size-default\">San Juan de Gaztelugatxe\n<\/h3>\t\t<\/div>\n\t\t\t\t<\/div>\n\t\t\t\t\t<\/div>\n\t\t<\/div>\n\t\t\t\t\t\t\t<\/div>\n\t\t<\/section>\n\t\t\t\t<section class=\"elementor-section elementor-top-section elementor-element elementor-element-87df5e7 elementor-section-boxed elementor-section-height-default elementor-section-height-default\" data-id=\"87df5e7\" data-element_type=\"section\">\n\t\t\t\t\t\t<div class=\"elementor-container elementor-column-gap-default\">\n\t\t\t\t\t<div class=\"elementor-column elementor-col-50 elementor-top-column elementor-element elementor-element-da6c42b\" data-id=\"da6c42b\" data-element_type=\"column\">\n\t\t\t<div class=\"elementor-widget-wrap elementor-element-populated\">\n\t\t\t\t\t\t\t\t<div class=\"elementor-element elementor-element-17dd6113 elementor-widget elementor-widget-text-editor\" data-id=\"17dd6113\" data-element_type=\"widget\" data-widget_type=\"text-editor.default\">\n\t\t\t\t<div class=\"elementor-widget-container\">\n\t\t\t\t\t\t\t<p><span style=\"font-weight: 400;\">Este islote situado en la costa vizca\u00edna, en la localidad de Bermeo, es uno de los lugares que no te puedes perder. M\u00e1s de <\/span><b>240 escalones conducen a la ermita<\/b><span style=\"font-weight: 400;\"> que corona su cima. Cuenta una leyenda que si tocas tres veces su campana ver\u00e1s cumplido tu deseo.<\/span><\/p><p><span style=\"font-weight: 400;\">No te extra\u00f1es si esta fortaleza de piedra que desaf\u00eda al mar te resulta familiar. Fue elegida como escenario de la s\u00e9ptima temporada de <\/span><i><span style=\"font-weight: 400;\">Juego de Tronos<\/span><\/i><span style=\"font-weight: 400;\">.<\/span><\/p>\t\t\t\t\t\t<\/div>\n\t\t\t\t<\/div>\n\t\t\t\t\t<\/div>\n\t\t<\/div>\n\t\t\t\t<div class=\"elementor-column elementor-col-50 elementor-top-column elementor-element elementor-element-f178a0a\" data-id=\"f178a0a\" data-element_type=\"column\">\n\t\t\t<div class=\"elementor-widget-wrap elementor-element-populated\">\n\t\t\t\t\t\t\t\t<div class=\"elementor-element elementor-element-03c2002 elementor-widget elementor-widget-image\" data-id=\"03c2002\" data-element_type=\"widget\" data-widget_type=\"image.default\">\n\t\t\t\t<div class=\"elementor-widget-container\">\n\t\t\t<style>\/*! elementor - v3.12.1 - 02-04-2023 *\/\n.elementor-widget-image{text-align:center}.elementor-widget-image a{display:inline-block}.elementor-widget-image a img[src$=\".svg\"]{width:48px}.elementor-widget-image img{vertical-align:middle;display:inline-block}<\/style>\t\t\t\t\t\t\t\t\t\t\t\t<img decoding=\"async\" src=\"https:\/\/www.alwayseasyrental.com\/blog\/wp-content\/uploads\/elementor\/thumbs\/gaztelugatxe-q7pgtrbjntemifoy5y930d56trjc2fjdv4kf660wjc.jpg\" title=\"gaztelugatxe\" alt=\"gaztelugatxe Pais Vasco\" loading=\"lazy\" \/>\t\t\t\t\t\t\t\t\t\t\t\t\t\t\t<\/div>\n\t\t\t\t<\/div>\n\t\t\t\t\t<\/div>\n\t\t<\/div>\n\t\t\t\t\t\t\t<\/div>\n\t\t<\/section>\n\t\t\t\t<section class=\"elementor-section elementor-top-section elementor-element elementor-element-eef2d12 elementor-section-boxed elementor-section-height-default elementor-section-height-default\" data-id=\"eef2d12\" data-element_type=\"section\">\n\t\t\t\t\t\t<div class=\"elementor-container elementor-column-gap-default\">\n\t\t\t\t\t<div class=\"elementor-column elementor-col-100 elementor-top-column elementor-element elementor-element-001672f\" data-id=\"001672f\" data-element_type=\"column\">\n\t\t\t<div class=\"elementor-widget-wrap elementor-element-populated\">\n\t\t\t\t\t\t\t\t<div class=\"elementor-element elementor-element-0f028bc elementor-widget elementor-widget-heading\" data-id=\"0f028bc\" data-element_type=\"widget\" data-widget_type=\"heading.default\">\n\t\t\t\t<div class=\"elementor-widget-container\">\n\t\t\t<h3 class=\"elementor-heading-title elementor-size-default\">El Pasai Donibane, la peque\u00f1a Venecia vasca\n<\/h3>\t\t<\/div>\n\t\t\t\t<\/div>\n\t\t\t\t\t<\/div>\n\t\t<\/div>\n\t\t\t\t\t\t\t<\/div>\n\t\t<\/section>\n\t\t\t\t<section class=\"elementor-section elementor-top-section elementor-element elementor-element-c4cc94b elementor-section-boxed elementor-section-height-default elementor-section-height-default\" data-id=\"c4cc94b\" data-element_type=\"section\">\n\t\t\t\t\t\t<div class=\"elementor-container elementor-column-gap-default\">\n\t\t\t\t\t<div class=\"elementor-column elementor-col-50 elementor-top-column elementor-element elementor-element-4831e24\" data-id=\"4831e24\" data-element_type=\"column\">\n\t\t\t<div class=\"elementor-widget-wrap elementor-element-populated\">\n\t\t\t\t\t\t\t\t<div class=\"elementor-element elementor-element-e9eeb54 elementor-widget elementor-widget-image\" data-id=\"e9eeb54\" data-element_type=\"widget\" data-widget_type=\"image.default\">\n\t\t\t\t<div class=\"elementor-widget-container\">\n\t\t\t\t\t\t\t\t\t\t\t\t\t\t\t<img decoding=\"async\" src=\"https:\/\/www.alwayseasyrental.com\/blog\/wp-content\/uploads\/elementor\/thumbs\/Pasai-Donibane-Pais-Vasco-q7pgtv2wf5jrsvjhjzvlac717b0sx7yb7n6d39vbug.jpg\" title=\"Pasai Donibane Pais Vasco\" alt=\"Pasai Donibane Pais Vasco\" loading=\"lazy\" \/>\t\t\t\t\t\t\t\t\t\t\t\t\t\t\t<\/div>\n\t\t\t\t<\/div>\n\t\t\t\t\t<\/div>\n\t\t<\/div>\n\t\t\t\t<div class=\"elementor-column elementor-col-50 elementor-top-column elementor-element elementor-element-797919d\" data-id=\"797919d\" data-element_type=\"column\">\n\t\t\t<div class=\"elementor-widget-wrap elementor-element-populated\">\n\t\t\t\t\t\t\t\t<div class=\"elementor-element elementor-element-ea0b17c elementor-widget elementor-widget-text-editor\" data-id=\"ea0b17c\" data-element_type=\"widget\" data-widget_type=\"text-editor.default\">\n\t\t\t\t<div class=\"elementor-widget-container\">\n\t\t\t\t\t\t\t<p><span style=\"font-weight: 400;\">La localidad guipuzcoana de Pasaia es una de las m\u00e1s bellas del pa\u00eds. Dividida por la desembocadura de un r\u00edo, una motora permite desplazarse de la orilla de Pasai San Pedro a la de Pasai Donibane. Esta \u00faltima est\u00e1 conformada por una hilera de <\/span><b>casas de pescadores que hunden sus cimientos en el mar<\/b><span style=\"font-weight: 400;\">. Con las mareas vivas, el agua entra en su plaza y en la calle empedrada, la \u00fanica existente en el casco antiguo.<\/span><\/p>\t\t\t\t\t\t<\/div>\n\t\t\t\t<\/div>\n\t\t\t\t\t<\/div>\n\t\t<\/div>\n\t\t\t\t\t\t\t<\/div>\n\t\t<\/section>\n\t\t\t\t<section class=\"elementor-section elementor-top-section elementor-element elementor-element-34e427c elementor-section-boxed elementor-section-height-default elementor-section-height-default\" data-id=\"34e427c\" data-element_type=\"section\">\n\t\t\t\t\t\t<div class=\"elementor-container elementor-column-gap-default\">\n\t\t\t\t\t<div class=\"elementor-column elementor-col-100 elementor-top-column elementor-element elementor-element-e473e5d\" data-id=\"e473e5d\" data-element_type=\"column\">\n\t\t\t<div class=\"elementor-widget-wrap elementor-element-populated\">\n\t\t\t\t\t\t\t\t<div class=\"elementor-element elementor-element-cd51d03 elementor-widget elementor-widget-heading\" data-id=\"cd51d03\" data-element_type=\"widget\" data-widget_type=\"heading.default\">\n\t\t\t\t<div class=\"elementor-widget-container\">\n\t\t\t<h3 class=\"elementor-heading-title elementor-size-default\">Los pintxos de la Parte Vieja donostiarra\n<\/h3>\t\t<\/div>\n\t\t\t\t<\/div>\n\t\t\t\t\t<\/div>\n\t\t<\/div>\n\t\t\t\t\t\t\t<\/div>\n\t\t<\/section>\n\t\t\t\t<section class=\"elementor-section elementor-top-section elementor-element elementor-element-ed93a4d elementor-section-boxed elementor-section-height-default elementor-section-height-default\" data-id=\"ed93a4d\" data-element_type=\"section\">\n\t\t\t\t\t\t<div class=\"elementor-container elementor-column-gap-default\">\n\t\t\t\t\t<div class=\"elementor-column elementor-col-50 elementor-top-column elementor-element elementor-element-60b4631\" data-id=\"60b4631\" data-element_type=\"column\">\n\t\t\t<div class=\"elementor-widget-wrap elementor-element-populated\">\n\t\t\t\t\t\t\t\t<div class=\"elementor-element elementor-element-5423e0f elementor-widget elementor-widget-text-editor\" data-id=\"5423e0f\" data-element_type=\"widget\" data-widget_type=\"text-editor.default\">\n\t\t\t\t<div class=\"elementor-widget-container\">\n\t\t\t\t\t\t\t<p><span style=\"font-weight: 400;\">Esta es otra de las <\/span><b>cosas qu\u00e9 ver en el Pa\u00eds Vasco <\/b><span style=\"font-weight: 400;\">o, mejor dicho, que degustar. Los <\/span><i><span style=\"font-weight: 400;\">pintxos<\/span><\/i><span style=\"font-weight: 400;\"> o tapas llenan las barras de bares como los de la Parte Vieja de <\/span><a href=\"https:\/\/www.alwayseasyrental.com\/blog\/que-hacer-en-san-sebastian\/\"><span style=\"font-weight: 400;\">San Sebasti\u00e1n<\/span><\/a><span style=\"font-weight: 400;\">. En ellas hallar\u00e1s la ya popular Gilda, compuesta por una anchoa, una aceituna y una guindilla, bautizada as\u00ed en honor a la pel\u00edcula hom\u00f3nima. Comparte protagonismo con otras creaciones culinarias en miniatura m\u00e1s innovadoras.<\/span><\/p>\t\t\t\t\t\t<\/div>\n\t\t\t\t<\/div>\n\t\t\t\t\t<\/div>\n\t\t<\/div>\n\t\t\t\t<div class=\"elementor-column elementor-col-50 elementor-top-column elementor-element elementor-element-80e0e8f\" data-id=\"80e0e8f\" data-element_type=\"column\">\n\t\t\t<div class=\"elementor-widget-wrap elementor-element-populated\">\n\t\t\t\t\t\t\t\t<div class=\"elementor-element elementor-element-4a45e6b elementor-widget elementor-widget-image\" data-id=\"4a45e6b\" data-element_type=\"widget\" data-widget_type=\"image.default\">\n\t\t\t\t<div class=\"elementor-widget-container\">\n\t\t\t\t\t\t\t\t\t\t\t\t\t\t\t<img decoding=\"async\" src=\"https:\/\/www.alwayseasyrental.com\/blog\/wp-content\/uploads\/elementor\/thumbs\/Pinchos-Paiz-Vasco-q7pgtw0qlzl24hi4eia7utyhsow64x21jrtukjtxo8.jpg\" title=\"Pinchos Pais Vasco\" alt=\"Pinchos Pais Vasco\" loading=\"lazy\" \/>\t\t\t\t\t\t\t\t\t\t\t\t\t\t\t<\/div>\n\t\t\t\t<\/div>\n\t\t\t\t\t<\/div>\n\t\t<\/div>\n\t\t\t\t\t\t\t<\/div>\n\t\t<\/section>\n\t\t\t\t<section class=\"elementor-section elementor-top-section elementor-element elementor-element-48a9abf elementor-section-boxed elementor-section-height-default elementor-section-height-default\" data-id=\"48a9abf\" data-element_type=\"section\">\n\t\t\t\t\t\t<div class=\"elementor-container elementor-column-gap-default\">\n\t\t\t\t\t<div class=\"elementor-column elementor-col-100 elementor-top-column elementor-element elementor-element-fcad24a\" data-id=\"fcad24a\" data-element_type=\"column\">\n\t\t\t<div class=\"elementor-widget-wrap elementor-element-populated\">\n\t\t\t\t\t\t\t\t<div class=\"elementor-element elementor-element-de22e0d elementor-widget elementor-widget-heading\" data-id=\"de22e0d\" data-element_type=\"widget\" data-widget_type=\"heading.default\">\n\t\t\t\t<div class=\"elementor-widget-container\">\n\t\t\t<h3 class=\"elementor-heading-title elementor-size-default\">El Museo Guggenheim de Bilbao\n<\/h3>\t\t<\/div>\n\t\t\t\t<\/div>\n\t\t\t\t\t<\/div>\n\t\t<\/div>\n\t\t\t\t\t\t\t<\/div>\n\t\t<\/section>\n\t\t\t\t<section class=\"elementor-section elementor-top-section elementor-element elementor-element-43d4996 elementor-section-boxed elementor-section-height-default elementor-section-height-default\" data-id=\"43d4996\" data-element_type=\"section\">\n\t\t\t\t\t\t<div class=\"elementor-container elementor-column-gap-default\">\n\t\t\t\t\t<div class=\"elementor-column elementor-col-50 elementor-top-column elementor-element elementor-element-6f4839e\" data-id=\"6f4839e\" data-element_type=\"column\">\n\t\t\t<div class=\"elementor-widget-wrap elementor-element-populated\">\n\t\t\t\t\t\t\t\t<div class=\"elementor-element elementor-element-12ff1ab elementor-widget elementor-widget-image\" data-id=\"12ff1ab\" data-element_type=\"widget\" data-widget_type=\"image.default\">\n\t\t\t\t<div class=\"elementor-widget-container\">\n\t\t\t\t\t\t\t\t\t\t\t\t\t\t\t<img decoding=\"async\" src=\"https:\/\/www.alwayseasyrental.com\/blog\/wp-content\/uploads\/elementor\/thumbs\/Guggenheim-Pais-Vasco-q7pgts9dunfwu1nl0gnpkuwnf5epa4n4797wnfzid4.jpg\" title=\"Guggenheim Pais Vasco\" alt=\"Guggenheim Pais Vasco\" loading=\"lazy\" \/>\t\t\t\t\t\t\t\t\t\t\t\t\t\t\t<\/div>\n\t\t\t\t<\/div>\n\t\t\t\t\t<\/div>\n\t\t<\/div>\n\t\t\t\t<div class=\"elementor-column elementor-col-50 elementor-top-column elementor-element elementor-element-55a7bf4\" data-id=\"55a7bf4\" data-element_type=\"column\">\n\t\t\t<div class=\"elementor-widget-wrap elementor-element-populated\">\n\t\t\t\t\t\t\t\t<div class=\"elementor-element elementor-element-03ba844 elementor-widget elementor-widget-text-editor\" data-id=\"03ba844\" data-element_type=\"widget\" data-widget_type=\"text-editor.default\">\n\t\t\t\t<div class=\"elementor-widget-container\">\n\t\t\t\t\t\t\t<p><span style=\"font-weight: 400;\">Si hay un edificio que despertar\u00e1 tu admiraci\u00f3n en Euskadi ese es el <\/span><b>Museo Guggenheim<\/b><span style=\"font-weight: 400;\">. Aprovecha tu visita a la capital vizca\u00edna para conocer la creaci\u00f3n del arquitecto Frank Gehry. Su exterior, ideado a base de planchas de titanio, es tan espectacular como las exposiciones que alberga en su interior. Dispone de cerca de una veintena de galer\u00edas. Adem\u00e1s, ostenta el primer lugar de los museos de toda Espa\u00f1a en superficie expositiva por sus 24 000 metros cuadrados.<\/span><\/p>\t\t\t\t\t\t<\/div>\n\t\t\t\t<\/div>\n\t\t\t\t\t<\/div>\n\t\t<\/div>\n\t\t\t\t\t\t\t<\/div>\n\t\t<\/section>\n\t\t\t\t<section class=\"elementor-section elementor-top-section elementor-element elementor-element-c86eb0b elementor-section-boxed elementor-section-height-default elementor-section-height-default\" data-id=\"c86eb0b\" data-element_type=\"section\">\n\t\t\t\t\t\t<div class=\"elementor-container elementor-column-gap-default\">\n\t\t\t\t\t<div class=\"elementor-column elementor-col-100 elementor-top-column elementor-element elementor-element-7fc2e44\" data-id=\"7fc2e44\" data-element_type=\"column\">\n\t\t\t<div class=\"elementor-widget-wrap elementor-element-populated\">\n\t\t\t\t\t\t\t\t<div class=\"elementor-element elementor-element-b6655a0 elementor-widget elementor-widget-heading\" data-id=\"b6655a0\" data-element_type=\"widget\" data-widget_type=\"heading.default\">\n\t\t\t\t<div class=\"elementor-widget-container\">\n\t\t\t<h3 class=\"elementor-heading-title elementor-size-default\">El Parque Natural de Valderejo<\/h3>\t\t<\/div>\n\t\t\t\t<\/div>\n\t\t\t\t\t<\/div>\n\t\t<\/div>\n\t\t\t\t\t\t\t<\/div>\n\t\t<\/section>\n\t\t\t\t<section class=\"elementor-section elementor-top-section elementor-element elementor-element-5845726 elementor-section-boxed elementor-section-height-default elementor-section-height-default\" data-id=\"5845726\" data-element_type=\"section\">\n\t\t\t\t\t\t<div class=\"elementor-container elementor-column-gap-default\">\n\t\t\t\t\t<div class=\"elementor-column elementor-col-50 elementor-top-column elementor-element elementor-element-1d7ca24\" data-id=\"1d7ca24\" data-element_type=\"column\">\n\t\t\t<div class=\"elementor-widget-wrap elementor-element-populated\">\n\t\t\t\t\t\t\t\t<div class=\"elementor-element elementor-element-cd0bd80 elementor-widget elementor-widget-text-editor\" data-id=\"cd0bd80\" data-element_type=\"widget\" data-widget_type=\"text-editor.default\">\n\t\t\t\t<div class=\"elementor-widget-container\">\n\t\t\t\t\t\t\t<p><span style=\"font-weight: 400;\">Situado en el extremo m\u00e1s occidental del territorio alav\u00e9s, <\/span><b>Valderejo fue declarado Parque Natural<\/b><span style=\"font-weight: 400;\"> en el a\u00f1o 1992. En sus cerca de 3500 metros cuadrados encontrar\u00e1s una gran diversidad de especies de flora y fauna. Si tienes suerte, puede que divises alg\u00fan ejemplar de \u00e1guila real o de gato mont\u00e9s. A la belleza del paisaje se suma la huella dejada por el ser humano en otro tiempo en forma de monumentos megal\u00edticos. Descubre este paraje realizando alguna de sus rutas de senderismo o de BTT.<\/span><\/p>\t\t\t\t\t\t<\/div>\n\t\t\t\t<\/div>\n\t\t\t\t\t<\/div>\n\t\t<\/div>\n\t\t\t\t<div class=\"elementor-column elementor-col-50 elementor-top-column elementor-element elementor-element-a790e0b\" data-id=\"a790e0b\" data-element_type=\"column\">\n\t\t\t<div class=\"elementor-widget-wrap elementor-element-populated\">\n\t\t\t\t\t\t\t\t<div class=\"elementor-element elementor-element-ae3ebdc elementor-widget elementor-widget-image\" data-id=\"ae3ebdc\" data-element_type=\"widget\" data-widget_type=\"image.default\">\n\t\t\t\t<div class=\"elementor-widget-container\">\n\t\t\t\t\t\t\t\t\t\t\t\t\t\t\t<img decoding=\"async\" src=\"https:\/\/www.alwayseasyrental.com\/blog\/wp-content\/uploads\/elementor\/thumbs\/Parque-Natural-de-Valderejo-Pais-Vasco-q7pgtt781hh75nm7uz2c5co40ja2htqujdve4py46w.jpg\" title=\"Parque Natural de Valderejo Pais Vasco\" alt=\"Parque Natural de Valderejo Pais Vasco\" loading=\"lazy\" \/>\t\t\t\t\t\t\t\t\t\t\t\t\t\t\t<\/div>\n\t\t\t\t<\/div>\n\t\t\t\t\t<\/div>\n\t\t<\/div>\n\t\t\t\t\t\t\t<\/div>\n\t\t<\/section>\n\t\t\t\t<section class=\"elementor-section elementor-top-section elementor-element elementor-element-4914314 elementor-section-boxed elementor-section-height-default elementor-section-height-default\" data-id=\"4914314\" data-element_type=\"section\">\n\t\t\t\t\t\t<div class=\"elementor-container elementor-column-gap-default\">\n\t\t\t\t\t<div class=\"elementor-column elementor-col-100 elementor-top-column elementor-element elementor-element-3c71eaa\" data-id=\"3c71eaa\" data-element_type=\"column\">\n\t\t\t<div class=\"elementor-widget-wrap elementor-element-populated\">\n\t\t\t\t\t\t\t\t<div class=\"elementor-element elementor-element-cf423b7 elementor-widget elementor-widget-heading\" data-id=\"cf423b7\" data-element_type=\"widget\" data-widget_type=\"heading.default\">\n\t\t\t\t<div class=\"elementor-widget-container\">\n\t\t\t<h3 class=\"elementor-heading-title elementor-size-default\">Las playas y el surf\n<\/h3>\t\t<\/div>\n\t\t\t\t<\/div>\n\t\t\t\t\t<\/div>\n\t\t<\/div>\n\t\t\t\t\t\t\t<\/div>\n\t\t<\/section>\n\t\t\t\t<section class=\"elementor-section elementor-top-section elementor-element elementor-element-8258468 elementor-section-boxed elementor-section-height-default elementor-section-height-default\" data-id=\"8258468\" data-element_type=\"section\">\n\t\t\t\t\t\t<div class=\"elementor-container elementor-column-gap-default\">\n\t\t\t\t\t<div class=\"elementor-column elementor-col-50 elementor-top-column elementor-element elementor-element-fadebcf\" data-id=\"fadebcf\" data-element_type=\"column\">\n\t\t\t<div class=\"elementor-widget-wrap elementor-element-populated\">\n\t\t\t\t\t\t\t\t<div class=\"elementor-element elementor-element-6fe0478 elementor-widget elementor-widget-image\" data-id=\"6fe0478\" data-element_type=\"widget\" data-widget_type=\"image.default\">\n\t\t\t\t<div class=\"elementor-widget-container\">\n\t\t\t\t\t\t\t\t\t\t\t\t\t\t\t<img decoding=\"async\" src=\"https:\/\/www.alwayseasyrental.com\/blog\/wp-content\/uploads\/elementor\/thumbs\/Playas-Paiz-Vasco-q7pgtwykstmcg3gr90oufbpye2rjcm5rvwhc1tsji0.jpg\" title=\"Playas Pais Vasco\" alt=\"Playas Pais Vasco\" loading=\"lazy\" \/>\t\t\t\t\t\t\t\t\t\t\t\t\t\t\t<\/div>\n\t\t\t\t<\/div>\n\t\t\t\t\t<\/div>\n\t\t<\/div>\n\t\t\t\t<div class=\"elementor-column elementor-col-50 elementor-top-column elementor-element elementor-element-815e837\" data-id=\"815e837\" data-element_type=\"column\">\n\t\t\t<div class=\"elementor-widget-wrap elementor-element-populated\">\n\t\t\t\t\t\t\t\t<div class=\"elementor-element elementor-element-1db0f7d elementor-widget elementor-widget-text-editor\" data-id=\"1db0f7d\" data-element_type=\"widget\" data-widget_type=\"text-editor.default\">\n\t\t\t\t<div class=\"elementor-widget-container\">\n\t\t\t\t\t\t\t<p><span style=\"font-weight: 400;\">Si te preguntas <\/span><b>qu\u00e9 ver en el Pa\u00eds Vasco en 4 d\u00edas<\/b><span style=\"font-weight: 400;\">, el surf es una excelente opci\u00f3n. Puedes presenciar c\u00f3mo van en busca de olas los deportistas que se dan cita en playas como la de La Zurriola o la de <\/span><a href=\"https:\/\/www.alwayseasyrental.com\/blog\/visita-zarautz-alwayseasy-experiencias\/\"><span style=\"font-weight: 400;\">Zarautz<\/span><\/a><span style=\"font-weight: 400;\">.\u00a0<\/span><\/p><p><span style=\"font-weight: 400;\">Si deseas emularlos, ap\u00fantate a alguna de las escuelas que abren sus puertas a pocos metros de estos y otros arenales vascos. \u00a1Atr\u00e9vete a coger las mejores olas del Cant\u00e1brico!<\/span><\/p>\t\t\t\t\t\t<\/div>\n\t\t\t\t<\/div>\n\t\t\t\t\t<\/div>\n\t\t<\/div>\n\t\t\t\t\t\t\t<\/div>\n\t\t<\/section>\n\t\t\t\t<section class=\"elementor-section elementor-top-section elementor-element elementor-element-58b3bb70 elementor-section-boxed elementor-section-height-default elementor-section-height-default\" data-id=\"58b3bb70\" data-element_type=\"section\">\n\t\t\t\t\t\t<div class=\"elementor-container elementor-column-gap-default\">\n\t\t\t\t\t<div class=\"elementor-column elementor-col-100 elementor-top-column elementor-element elementor-element-1cdb0d82\" data-id=\"1cdb0d82\" data-element_type=\"column\">\n\t\t\t<div class=\"elementor-widget-wrap elementor-element-populated\">\n\t\t\t\t\t\t\t\t<div class=\"elementor-element elementor-element-2cae7af4 elementor-widget elementor-widget-heading\" data-id=\"2cae7af4\" data-element_type=\"widget\" data-widget_type=\"heading.default\">\n\t\t\t\t<div class=\"elementor-widget-container\">\n\t\t\t<h2 class=\"elementor-heading-title elementor-size-default\">Ven a ver el Pa\u00eds Vasco y disfruta de sus atractivos\n<\/h2>\t\t<\/div>\n\t\t\t\t<\/div>\n\t\t\t\t\t<\/div>\n\t\t<\/div>\n\t\t\t\t\t\t\t<\/div>\n\t\t<\/section>\n\t\t\t\t<section class=\"elementor-section elementor-top-section elementor-element elementor-element-4e4bc29 elementor-section-boxed elementor-section-height-default elementor-section-height-default\" data-id=\"4e4bc29\" data-element_type=\"section\">\n\t\t\t\t\t\t<div class=\"elementor-container elementor-column-gap-default\">\n\t\t\t\t\t<div class=\"elementor-column elementor-col-100 elementor-top-column elementor-element elementor-element-5b73002a\" data-id=\"5b73002a\" data-element_type=\"column\">\n\t\t\t<div class=\"elementor-widget-wrap elementor-element-populated\">\n\t\t\t\t\t\t\t\t<div class=\"elementor-element elementor-element-5a25aacb elementor-widget elementor-widget-text-editor\" data-id=\"5a25aacb\" data-element_type=\"widget\" data-widget_type=\"text-editor.default\">\n\t\t\t\t<div class=\"elementor-widget-container\">\n\t\t\t\t\t\t\t<p><span style=\"font-weight: 400;\">Elige este destino vacacional para tu pr\u00f3xima escapada y disfruta de los <\/span><a href=\"https:\/\/www.alwayseasyrental.com\/blog\/las-12-cosas-que-ver-en-san-sebastian\/\"><span style=\"font-weight: 400;\">espacios <\/span><\/a><span style=\"font-weight: 400;\">que te recomendamos. La combinaci\u00f3n de naturaleza, cultura y gastronom\u00eda representa una tentadora invitaci\u00f3n a conocer esta comunidad aut\u00f3noma.<\/span><\/p><p><span style=\"font-weight: 400;\">\u00bfYa tienes decidido <\/span><b>qu\u00e9 ver en el Pa\u00eds Vasco<\/b><span style=\"font-weight: 400;\">? Escoge tus lugares favoritos y haz una reserva en cualquiera de nuestros apartamentos, como <\/span><a href=\"https:\/\/www.alwayseasyrental.com\/alquiler\/apartamento-san-sebastian-always-easy-i-suite-terraza-287942.html\"><span style=\"font-weight: 400;\">Always Easy I Suite Terraza<\/span><\/a><span style=\"font-weight: 400;\">, <\/span><a href=\"https:\/\/www.alwayseasyrental.com\/alquiler\/apartamento-san-sebastian-always-easy-i-zurriola-287948.html\"><span style=\"font-weight: 400;\">Always Easy I Zurriola<\/span><\/a><span style=\"font-weight: 400;\"> y <\/span><a href=\"https:\/\/www.alwayseasyrental.com\/alquiler\/apartamento-san-sebastian-always-easy-i-bidea-287913.html\"><span style=\"font-weight: 400;\">Always Easy I Bidea<\/span><\/a><span style=\"font-weight: 400;\">. Ven a visitar la <strong>San Sebasti\u00e1n<\/strong> en uno de nuestros alojamientos.<\/span><\/p>\t\t\t\t\t\t<\/div>\n\t\t\t\t<\/div>\n\t\t\t\t\t<\/div>\n\t\t<\/div>\n\t\t\t\t\t\t\t<\/div>\n\t\t<\/section>\n\t\t\t\t<section class=\"elementor-section elementor-top-section elementor-element elementor-element-68d0d672 elementor-section-full_width elementor-section-height-default elementor-section-height-default\" data-id=\"68d0d672\" data-element_type=\"section\">\n\t\t\t\t\t\t<div class=\"elementor-container elementor-column-gap-default\">\n\t\t\t\t\t<div class=\"elementor-column elementor-col-33 elementor-top-column elementor-element elementor-element-79c78d2c\" data-id=\"79c78d2c\" data-element_type=\"column\">\n\t\t\t<div class=\"elementor-widget-wrap elementor-element-populated\">\n\t\t\t\t\t\t\t\t<div class=\"elementor-element elementor-element-6da02557 elementor-cta--skin-cover elementor-animated-content elementor-bg-transform elementor-bg-transform-zoom-in elementor-widget elementor-widget-call-to-action\" data-id=\"6da02557\" data-element_type=\"widget\" data-widget_type=\"call-to-action.default\">\n\t\t\t\t<div class=\"elementor-widget-container\">\n\t\t\t<link rel=\"stylesheet\" href=\"https:\/\/www.alwayseasyrental.com\/blog\/wp-content\/plugins\/elementor-pro\/assets\/css\/widget-call-to-action.min.css\">\t\t<div class=\"elementor-cta\">\n\t\t\t\t\t<div class=\"elementor-cta__bg-wrapper\">\n\t\t\t\t<div class=\"elementor-cta__bg elementor-bg\" style=\"background-image: url(https:\/\/www.alwayseasyrental.com\/blog\/wp-content\/uploads\/2023\/05\/centro-ciudad-1920x630.jpg);\"><\/div>\n\t\t\t\t<div class=\"elementor-cta__bg-overlay\"><\/div>\n\t\t\t<\/div>\n\t\t\t\t\t\t\t<div class=\"elementor-cta__content\">\n\t\t\t\t\n\t\t\t\t\n\t\t\t\t\n\t\t\t\t\t\t\t\t\t<div class=\"elementor-cta__button-wrapper elementor-cta__content-item elementor-content-item elementor-animated-item--grow\">\n\t\t\t\t\t<a class=\"elementor-cta__button elementor-button elementor-size-md\" href=\"https:\/\/www.alwayseasyrental.com\/alquiler\/alquiler-alquileres-p0\/categoria-centro\/\">\n\t\t\t\t\t\tSAN SEBASTI\u00c1N\t\t\t\t\t<\/a>\n\t\t\t\t\t<\/div>\n\t\t\t\t\t\t\t<\/div>\n\t\t\t\t\t\t<\/div>\n\t\t\t\t<\/div>\n\t\t\t\t<\/div>\n\t\t\t\t\t<\/div>\n\t\t<\/div>\n\t\t\t\t<div class=\"elementor-column elementor-col-33 elementor-top-column elementor-element elementor-element-5da2030\" data-id=\"5da2030\" data-element_type=\"column\">\n\t\t\t<div class=\"elementor-widget-wrap elementor-element-populated\">\n\t\t\t\t\t\t\t\t<div class=\"elementor-element elementor-element-62983c2b elementor-cta--skin-cover elementor-animated-content elementor-bg-transform elementor-bg-transform-zoom-in elementor-widget elementor-widget-call-to-action\" data-id=\"62983c2b\" data-element_type=\"widget\" data-widget_type=\"call-to-action.default\">\n\t\t\t\t<div class=\"elementor-widget-container\">\n\t\t\t\t\t<div class=\"elementor-cta\">\n\t\t\t\t\t<div class=\"elementor-cta__bg-wrapper\">\n\t\t\t\t<div class=\"elementor-cta__bg elementor-bg\" style=\"background-image: url(https:\/\/www.alwayseasyrental.com\/blog\/wp-content\/uploads\/2023\/05\/Playa-de-la-Concha-1920x630.jpg);\"><\/div>\n\t\t\t\t<div class=\"elementor-cta__bg-overlay\"><\/div>\n\t\t\t<\/div>\n\t\t\t\t\t\t\t<div class=\"elementor-cta__content\">\n\t\t\t\t\n\t\t\t\t\n\t\t\t\t\n\t\t\t\t\t\t\t\t\t<div class=\"elementor-cta__button-wrapper elementor-cta__content-item elementor-content-item elementor-animated-item--grow\">\n\t\t\t\t\t<a class=\"elementor-cta__button elementor-button elementor-size-md\" href=\"https:\/\/www.alwayseasyrental.com\/alquiler\/alquiler-alquileres-p0\/categoria-playa-de-la-concha-\/\">\n\t\t\t\t\t\tPLAYA DE LA CONCHA\t\t\t\t\t<\/a>\n\t\t\t\t\t<\/div>\n\t\t\t\t\t\t\t<\/div>\n\t\t\t\t\t\t<\/div>\n\t\t\t\t<\/div>\n\t\t\t\t<\/div>\n\t\t\t\t\t<\/div>\n\t\t<\/div>\n\t\t\t\t<div class=\"elementor-column elementor-col-33 elementor-top-column elementor-element elementor-element-4f9f2f9d\" data-id=\"4f9f2f9d\" data-element_type=\"column\">\n\t\t\t<div class=\"elementor-widget-wrap elementor-element-populated\">\n\t\t\t\t\t\t\t\t<div class=\"elementor-element elementor-element-4f6add79 elementor-cta--skin-cover elementor-animated-content elementor-bg-transform elementor-bg-transform-zoom-in elementor-widget elementor-widget-call-to-action\" data-id=\"4f6add79\" data-element_type=\"widget\" data-widget_type=\"call-to-action.default\">\n\t\t\t\t<div class=\"elementor-widget-container\">\n\t\t\t\t\t<div class=\"elementor-cta\">\n\t\t\t\t\t<div class=\"elementor-cta__bg-wrapper\">\n\t\t\t\t<div class=\"elementor-cta__bg elementor-bg\" style=\"background-image: url(https:\/\/www.alwayseasyrental.com\/blog\/wp-content\/uploads\/2023\/05\/casco-antiguo-1920x630.jpg);\"><\/div>\n\t\t\t\t<div class=\"elementor-cta__bg-overlay\"><\/div>\n\t\t\t<\/div>\n\t\t\t\t\t\t\t<div class=\"elementor-cta__content\">\n\t\t\t\t\n\t\t\t\t\n\t\t\t\t\n\t\t\t\t\t\t\t\t\t<div class=\"elementor-cta__button-wrapper elementor-cta__content-item elementor-content-item elementor-animated-item--grow\">\n\t\t\t\t\t<a class=\"elementor-cta__button elementor-button elementor-size-md\" href=\"https:\/\/www.alwayseasyrental.com\/alquiler\/alquiler-alquileres-p0\/categoria-casco-antiguo\/\">\n\t\t\t\t\t\tCASCO ANTIGUO\t\t\t\t\t<\/a>\n\t\t\t\t\t<\/div>\n\t\t\t\t\t\t\t<\/div>\n\t\t\t\t\t\t<\/div>\n\t\t\t\t<\/div>\n\t\t\t\t<\/div>\n\t\t\t\t\t<\/div>\n\t\t<\/div>\n\t\t\t\t\t\t\t<\/div>\n\t\t<\/section>\n\t\t\t\t\t\t\t<\/div>\n\t\t","protected":false},"excerpt":{"rendered":"<p>\u00bfQuieres saber qu\u00e9 ver en el Pa\u00eds Vasco? \u00a1Te lo contamos! Si planeas viajar en tus pr\u00f3ximas vacaciones a Euskadi,&#8230;<\/p>\n","protected":false},"author":3,"featured_media":455,"comment_status":"open","ping_status":"open","sticky":false,"template":"","format":"standard","meta":{"footnotes":""},"categories":[30],"tags":[],"class_list":["post-423","post","type-post","status-publish","format-standard","has-post-thumbnail","hentry","category-pais-vasco"],"yoast_head":"<!-- This site is optimized with the Yoast SEO plugin v20.5 - https:\/\/yoast.com\/wordpress\/plugins\/seo\/ -->\n<title>Qu\u00e9 ver en el Pa\u00eds Vasco: lugares y experiencias<\/title>\n<meta name=\"description\" content=\"Descubre qu\u00e9 ver en el Pa\u00eds Vasco a trav\u00e9s de los consejos que te facilitamos. Descubre lugares incre\u00edbles para una experiencia \u00fanica. \u00a1Vis\u00edtanos!\" \/>\n<meta name=\"robots\" content=\"index, follow, max-snippet:-1, max-image-preview:large, max-video-preview:-1\" \/>\n<link rel=\"canonical\" href=\"https:\/\/www.alwayseasyrental.com\/blog\/que-ver-pais-vasco\/\" \/>\n<meta property=\"og:locale\" content=\"es_ES\" \/>\n<meta property=\"og:type\" content=\"article\" \/>\n<meta property=\"og:title\" content=\"Qu\u00e9 ver en el Pa\u00eds Vasco: lugares y experiencias\" \/>\n<meta property=\"og:description\" content=\"Descubre qu\u00e9 ver en el Pa\u00eds Vasco a trav\u00e9s de los consejos que te facilitamos. Descubre lugares incre\u00edbles para una experiencia \u00fanica. \u00a1Vis\u00edtanos!\" \/>\n<meta property=\"og:url\" content=\"https:\/\/www.alwayseasyrental.com\/blog\/que-ver-pais-vasco\/\" \/>\n<meta property=\"og:site_name\" content=\"Always easy rentals | Blog\" \/>\n<meta property=\"article:published_time\" content=\"2023-06-09T11:26:51+00:00\" \/>\n<meta property=\"article:modified_time\" content=\"2023-06-09T11:34:27+00:00\" \/>\n<meta property=\"og:image\" content=\"https:\/\/www.alwayseasyrental.com\/blog\/wp-content\/uploads\/2023\/06\/que-ver-en-pais-vasco.jpg\" \/>\n\t<meta property=\"og:image:width\" content=\"1920\" \/>\n\t<meta property=\"og:image:height\" content=\"750\" \/>\n\t<meta property=\"og:image:type\" content=\"image\/jpeg\" \/>\n<meta name=\"author\" content=\"digitalservices@avantio.com\" \/>\n<meta name=\"twitter:card\" content=\"summary_large_image\" \/>\n<meta name=\"twitter:label1\" content=\"Escrito por\" \/>\n\t<meta name=\"twitter:data1\" content=\"digitalservices@avantio.com\" \/>\n\t<meta name=\"twitter:label2\" content=\"Tiempo de lectura\" \/>\n\t<meta name=\"twitter:data2\" content=\"6 minutos\" \/>\n<script type=\"application\/ld+json\" class=\"yoast-schema-graph\">{\"@context\":\"https:\/\/schema.org\",\"@graph\":[{\"@type\":\"WebPage\",\"@id\":\"https:\/\/www.alwayseasyrental.com\/blog\/que-ver-pais-vasco\/\",\"url\":\"https:\/\/www.alwayseasyrental.com\/blog\/que-ver-pais-vasco\/\",\"name\":\"Qu\u00e9 ver en el Pa\u00eds Vasco: lugares y experiencias\",\"isPartOf\":{\"@id\":\"https:\/\/www.alwayseasyrental.com\/blog\/#website\"},\"datePublished\":\"2023-06-09T11:26:51+00:00\",\"dateModified\":\"2023-06-09T11:34:27+00:00\",\"author\":{\"@id\":\"https:\/\/www.alwayseasyrental.com\/blog\/#\/schema\/person\/f2e3ccc3d19b089bf045b6cb77e87434\"},\"description\":\"Descubre qu\u00e9 ver en el Pa\u00eds Vasco a trav\u00e9s de los consejos que te facilitamos. Descubre lugares incre\u00edbles para una experiencia \u00fanica. \u00a1Vis\u00edtanos!\",\"inLanguage\":\"es\",\"potentialAction\":[{\"@type\":\"ReadAction\",\"target\":[\"https:\/\/www.alwayseasyrental.com\/blog\/que-ver-pais-vasco\/\"]}]},{\"@type\":\"WebSite\",\"@id\":\"https:\/\/www.alwayseasyrental.com\/blog\/#website\",\"url\":\"https:\/\/www.alwayseasyrental.com\/blog\/\",\"name\":\"Always easy rentals | Blog\",\"description\":\"Alojamientos en San Sebasti\u00e1n - Always Easy Rentals\",\"potentialAction\":[{\"@type\":\"SearchAction\",\"target\":{\"@type\":\"EntryPoint\",\"urlTemplate\":\"https:\/\/www.alwayseasyrental.com\/blog\/?s={search_term_string}\"},\"query-input\":\"required name=search_term_string\"}],\"inLanguage\":\"es\"},{\"@type\":\"Person\",\"@id\":\"https:\/\/www.alwayseasyrental.com\/blog\/#\/schema\/person\/f2e3ccc3d19b089bf045b6cb77e87434\",\"name\":\"digitalservices@avantio.com\",\"image\":{\"@type\":\"ImageObject\",\"inLanguage\":\"es\",\"@id\":\"https:\/\/www.alwayseasyrental.com\/blog\/#\/schema\/person\/image\/\",\"url\":\"https:\/\/secure.gravatar.com\/avatar\/af30f88a1904294c1f3eb09a9d7903eec4ffa18fa2cf40c28a8681014ecdfc20?s=96&d=mm&r=g\",\"contentUrl\":\"https:\/\/secure.gravatar.com\/avatar\/af30f88a1904294c1f3eb09a9d7903eec4ffa18fa2cf40c28a8681014ecdfc20?s=96&d=mm&r=g\",\"caption\":\"digitalservices@avantio.com\"},\"url\":\"https:\/\/www.alwayseasyrental.com\/blog\/author\/digitalservicesavantio-com\/\"}]}<\/script>\n<!-- \/ Yoast SEO plugin. -->","yoast_head_json":{"title":"Qu\u00e9 ver en el Pa\u00eds Vasco: lugares y experiencias","description":"Descubre qu\u00e9 ver en el Pa\u00eds Vasco a trav\u00e9s de los consejos que te facilitamos. Descubre lugares incre\u00edbles para una experiencia \u00fanica. \u00a1Vis\u00edtanos!","robots":{"index":"index","follow":"follow","max-snippet":"max-snippet:-1","max-image-preview":"max-image-preview:large","max-video-preview":"max-video-preview:-1"},"canonical":"https:\/\/www.alwayseasyrental.com\/blog\/que-ver-pais-vasco\/","og_locale":"es_ES","og_type":"article","og_title":"Qu\u00e9 ver en el Pa\u00eds Vasco: lugares y experiencias","og_description":"Descubre qu\u00e9 ver en el Pa\u00eds Vasco a trav\u00e9s de los consejos que te facilitamos. Descubre lugares incre\u00edbles para una experiencia \u00fanica. \u00a1Vis\u00edtanos!","og_url":"https:\/\/www.alwayseasyrental.com\/blog\/que-ver-pais-vasco\/","og_site_name":"Always easy rentals | Blog","article_published_time":"2023-06-09T11:26:51+00:00","article_modified_time":"2023-06-09T11:34:27+00:00","og_image":[{"width":1920,"height":750,"url":"https:\/\/www.alwayseasyrental.com\/blog\/wp-content\/uploads\/2023\/06\/que-ver-en-pais-vasco.jpg","type":"image\/jpeg"}],"author":"digitalservices@avantio.com","twitter_card":"summary_large_image","twitter_misc":{"Escrito por":"digitalservices@avantio.com","Tiempo de lectura":"6 minutos"},"schema":{"@context":"https:\/\/schema.org","@graph":[{"@type":"WebPage","@id":"https:\/\/www.alwayseasyrental.com\/blog\/que-ver-pais-vasco\/","url":"https:\/\/www.alwayseasyrental.com\/blog\/que-ver-pais-vasco\/","name":"Qu\u00e9 ver en el Pa\u00eds Vasco: lugares y experiencias","isPartOf":{"@id":"https:\/\/www.alwayseasyrental.com\/blog\/#website"},"datePublished":"2023-06-09T11:26:51+00:00","dateModified":"2023-06-09T11:34:27+00:00","author":{"@id":"https:\/\/www.alwayseasyrental.com\/blog\/#\/schema\/person\/f2e3ccc3d19b089bf045b6cb77e87434"},"description":"Descubre qu\u00e9 ver en el Pa\u00eds Vasco a trav\u00e9s de los consejos que te facilitamos. Descubre lugares incre\u00edbles para una experiencia \u00fanica. \u00a1Vis\u00edtanos!","inLanguage":"es","potentialAction":[{"@type":"ReadAction","target":["https:\/\/www.alwayseasyrental.com\/blog\/que-ver-pais-vasco\/"]}]},{"@type":"WebSite","@id":"https:\/\/www.alwayseasyrental.com\/blog\/#website","url":"https:\/\/www.alwayseasyrental.com\/blog\/","name":"Always easy rentals | Blog","description":"Alojamientos en San Sebasti\u00e1n - Always Easy Rentals","potentialAction":[{"@type":"SearchAction","target":{"@type":"EntryPoint","urlTemplate":"https:\/\/www.alwayseasyrental.com\/blog\/?s={search_term_string}"},"query-input":"required name=search_term_string"}],"inLanguage":"es"},{"@type":"Person","@id":"https:\/\/www.alwayseasyrental.com\/blog\/#\/schema\/person\/f2e3ccc3d19b089bf045b6cb77e87434","name":"digitalservices@avantio.com","image":{"@type":"ImageObject","inLanguage":"es","@id":"https:\/\/www.alwayseasyrental.com\/blog\/#\/schema\/person\/image\/","url":"https:\/\/secure.gravatar.com\/avatar\/af30f88a1904294c1f3eb09a9d7903eec4ffa18fa2cf40c28a8681014ecdfc20?s=96&d=mm&r=g","contentUrl":"https:\/\/secure.gravatar.com\/avatar\/af30f88a1904294c1f3eb09a9d7903eec4ffa18fa2cf40c28a8681014ecdfc20?s=96&d=mm&r=g","caption":"digitalservices@avantio.com"},"url":"https:\/\/www.alwayseasyrental.com\/blog\/author\/digitalservicesavantio-com\/"}]}},"_links":{"self":[{"href":"https:\/\/www.alwayseasyrental.com\/blog\/wp-json\/wp\/v2\/posts\/423","targetHints":{"allow":["GET"]}}],"collection":[{"href":"https:\/\/www.alwayseasyrental.com\/blog\/wp-json\/wp\/v2\/posts"}],"about":[{"href":"https:\/\/www.alwayseasyrental.com\/blog\/wp-json\/wp\/v2\/types\/post"}],"author":[{"embeddable":true,"href":"https:\/\/www.alwayseasyrental.com\/blog\/wp-json\/wp\/v2\/users\/3"}],"replies":[{"embeddable":true,"href":"https:\/\/www.alwayseasyrental.com\/blog\/wp-json\/wp\/v2\/comments?post=423"}],"version-history":[{"count":15,"href":"https:\/\/www.alwayseasyrental.com\/blog\/wp-json\/wp\/v2\/posts\/423\/revisions"}],"predecessor-version":[{"id":462,"href":"https:\/\/www.alwayseasyrental.com\/blog\/wp-json\/wp\/v2\/posts\/423\/revisions\/462"}],"wp:featuredmedia":[{"embeddable":true,"href":"https:\/\/www.alwayseasyrental.com\/blog\/wp-json\/wp\/v2\/media\/455"}],"wp:attachment":[{"href":"https:\/\/www.alwayseasyrental.com\/blog\/wp-json\/wp\/v2\/media?parent=423"}],"wp:term":[{"taxonomy":"category","embeddable":true,"href":"https:\/\/www.alwayseasyrental.com\/blog\/wp-json\/wp\/v2\/categories?post=423"},{"taxonomy":"post_tag","embeddable":true,"href":"https:\/\/www.alwayseasyrental.com\/blog\/wp-json\/wp\/v2\/tags?post=423"}],"curies":[{"name":"wp","href":"https:\/\/api.w.org\/{rel}","templated":true}]}}